{"id":4163,"date":"2024-07-23T12:51:05","date_gmt":"2024-07-23T12:51:05","guid":{"rendered":"https:\/\/lovol.md\/?p=4163"},"modified":"2024-07-23T12:51:05","modified_gmt":"2024-07-23T12:51:05","slug":"tractorul-lovol-pentru-vii-livezi-2024","status":"publish","type":"post","link":"https:\/\/lovol.md\/?p=4163","title":{"rendered":"Tractorul Lovol pentru vii-livezi a fost prezentat la Ziua Fructelor \u00een raionul Criuleni"},"content":{"rendered":"<p>Asocia\u021bia Moldova Fruct a desf\u0103\u0219urat la 12 Iulie Ziua Fructelor \u00een gospod\u0103ria VelFruct-Prim l\u00eeng\u0103 satul Co\u0219erni\u021ba, raionul Criuleni. La stendul companiei a fost prezentat <a href=\"https:\/\/lovol.md\/traktory\/tractoare-lovol-tb-serie-45-75-s-p\/\">tractorul Lovol TB754<\/a>. Acest model este conceput special pentru lucr\u0103rile \u00een vii \u0219i livezi. El este deja bine-cunoscut \u0219i foarte popular printre viticultorii \u0219i liv\u0103dariii din Moldova. Este unul dintre modelele cele mai bine v\u00eendute pe pia\u021b\u0103.<\/p>\n<p>Lovol TB754 se deosebe\u0219te prin cheltuielile mici de exploatare, caracteristici optimale pentru lucrul cu orice tip de utilaj, simplitatea constructiv\u0103 \u0219i confortul pentru operator. La Ziua Fructelor a fost prezentat ultima modificare a tractorului cu ridic\u0103tor spate ranforsat, sistem hidraulic separat \u0219i cabin\u0103 cu aer condi\u021bionat.<\/p>\n<p>Tractoarele Lovol Tb754 sunt \u00een stoc. Acestea pot fi v\u0103zute la vitrinele companiei din Chi\u0219in\u0103u sau din alte ora\u0219e, unde sunt vitrine.<\/p>\n<p>Toate \u00eentreb\u0103rile despre acest model le pute\u021bi adresa la telefonul 079 880 944<\/p>\n","protected":false},"excerpt":{"rendered":"<p>Asocia\u021bia Moldova Fruct a desf\u0103\u0219urat la 12 Iulie Ziua Fructelor \u00een gospod\u0103ria VelFruct-Prim l\u00eeng\u0103 satul Co\u0219erni\u021ba, raionul Criuleni. La stendul companiei a fost prezentat tractorul Lovol TB754. Acest model este conceput special pentru lucr\u0103rile \u00een vii \u0219i livezi. El este deja bine-cunoscut \u0219i foarte popular printre viticultorii \u0219i liv\u0103dariii din Moldova. Este unul dintre modelele [&hellip;]<\/p>\n","protected":false},"author":4,"featured_media":4168,"comment_status":"open","ping_status":"open","sticky":false,"template":"","format":"standard","meta":{"inline_featured_image":false,"footnotes":""},"categories":[167],"tags":[],"class_list":["post-4163","post","type-post","status-publish","format-standard","has-post-thumbnail","hentry","category-noutati"],"yoast_head":"<!-- This site is optimized with the Yoast SEO plugin v23.1 - https:\/\/yoast.com\/wordpress\/plugins\/seo\/ -->\n<title>Tractorul Lovol pentru vii-livezi a fost prezentat la Ziua Fructelor<\/title>\n<meta name=\"description\" content=\"Asocia\u021bia Moldova Fruct a desf\u0103\u0219urat la 12 Iulie Ziua Fructelor \u00een gospod\u0103ria VelFruct-Prim l\u00eeng\u0103 satul Co\u0219erni\u021ba, raionul Criuleni.\" \/>\n<meta name=\"robots\" content=\"index, follow, max-snippet:-1, max-image-preview:large, max-video-preview:-1\" \/>\n<link rel=\"canonical\" href=\"https:\/\/lovol.md\/?p=4163\" \/>\n<meta property=\"og:locale\" content=\"en_US\" \/>\n<meta property=\"og:type\" content=\"article\" \/>\n<meta property=\"og:title\" content=\"Tractorul Lovol pentru vii-livezi a fost prezentat la Ziua Fructelor\" \/>\n<meta property=\"og:description\" content=\"Asocia\u021bia Moldova Fruct a desf\u0103\u0219urat la 12 Iulie Ziua Fructelor \u00een gospod\u0103ria VelFruct-Prim l\u00eeng\u0103 satul Co\u0219erni\u021ba, raionul Criuleni.\" \/>\n<meta property=\"og:url\" content=\"https:\/\/lovol.md\/?p=4163\" \/>\n<meta property=\"og:site_name\" content=\"Lovol.md\" \/>\n<meta property=\"article:published_time\" content=\"2024-07-23T12:51:05+00:00\" \/>\n<meta property=\"og:image\" content=\"https:\/\/lovol.md\/wp-content\/uploads\/2024\/07\/Ziua-fructelor-13.jpg\" \/>\n\t<meta property=\"og:image:width\" content=\"900\" \/>\n\t<meta property=\"og:image:height\" content=\"600\" \/>\n\t<meta property=\"og:image:type\" content=\"image\/jpeg\" \/>\n<meta name=\"author\" content=\"\u0412\u0430\u043b\u0435\u043d\u0442\u0438\u043d \u041b\u0430\u0434\u0430\u044e\u043d\" \/>\n<meta name=\"twitter:card\" content=\"summary_large_image\" \/>\n<meta name=\"twitter:label1\" content=\"Written by\" \/>\n\t<meta name=\"twitter:data1\" content=\"\u0412\u0430\u043b\u0435\u043d\u0442\u0438\u043d \u041b\u0430\u0434\u0430\u044e\u043d\" \/>\n\t<meta name=\"twitter:label2\" content=\"Est. reading time\" \/>\n\t<meta name=\"twitter:data2\" content=\"1 minute\" \/>\n<script type=\"application\/ld+json\" class=\"yoast-schema-graph\">{\"@context\":\"https:\/\/schema.org\",\"@graph\":[{\"@type\":\"WebPage\",\"@id\":\"https:\/\/lovol.md\/?p=4163\",\"url\":\"https:\/\/lovol.md\/?p=4163\",\"name\":\"Tractorul Lovol pentru vii-livezi a fost prezentat la Ziua Fructelor\",\"isPartOf\":{\"@id\":\"https:\/\/lovol.md\/#website\"},\"primaryImageOfPage\":{\"@id\":\"https:\/\/lovol.md\/?p=4163#primaryimage\"},\"image\":{\"@id\":\"https:\/\/lovol.md\/?p=4163#primaryimage\"},\"thumbnailUrl\":\"https:\/\/lovol.md\/wp-content\/uploads\/2024\/07\/Ziua-fructelor-13.jpg\",\"datePublished\":\"2024-07-23T12:51:05+00:00\",\"dateModified\":\"2024-07-23T12:51:05+00:00\",\"author\":{\"@id\":\"https:\/\/lovol.md\/#\/schema\/person\/d09ac5c44228a2b32554929772f26a86\"},\"description\":\"Asocia\u021bia Moldova Fruct a desf\u0103\u0219urat la 12 Iulie Ziua Fructelor \u00een gospod\u0103ria VelFruct-Prim l\u00eeng\u0103 satul Co\u0219erni\u021ba, raionul Criuleni.\",\"breadcrumb\":{\"@id\":\"https:\/\/lovol.md\/?p=4163#breadcrumb\"},\"inLanguage\":\"en-US\",\"potentialAction\":[{\"@type\":\"ReadAction\",\"target\":[\"https:\/\/lovol.md\/?p=4163\"]}]},{\"@type\":\"ImageObject\",\"inLanguage\":\"en-US\",\"@id\":\"https:\/\/lovol.md\/?p=4163#primaryimage\",\"url\":\"https:\/\/lovol.md\/wp-content\/uploads\/2024\/07\/Ziua-fructelor-13.jpg\",\"contentUrl\":\"https:\/\/lovol.md\/wp-content\/uploads\/2024\/07\/Ziua-fructelor-13.jpg\",\"width\":900,\"height\":600},{\"@type\":\"BreadcrumbList\",\"@id\":\"https:\/\/lovol.md\/?p=4163#breadcrumb\",\"itemListElement\":[{\"@type\":\"ListItem\",\"position\":1,\"name\":\"Home\",\"item\":\"https:\/\/lovol.md\/\"},{\"@type\":\"ListItem\",\"position\":2,\"name\":\"Tractorul Lovol pentru vii-livezi a fost prezentat la Ziua Fructelor \u00een raionul Criuleni\"}]},{\"@type\":\"WebSite\",\"@id\":\"https:\/\/lovol.md\/#website\",\"url\":\"https:\/\/lovol.md\/\",\"name\":\"Lovol.md\",\"description\":\"\",\"potentialAction\":[{\"@type\":\"SearchAction\",\"target\":{\"@type\":\"EntryPoint\",\"urlTemplate\":\"https:\/\/lovol.md\/?s={search_term_string}\"},\"query-input\":\"required name=search_term_string\"}],\"inLanguage\":\"en-US\"},{\"@type\":\"Person\",\"@id\":\"https:\/\/lovol.md\/#\/schema\/person\/d09ac5c44228a2b32554929772f26a86\",\"name\":\"\u0412\u0430\u043b\u0435\u043d\u0442\u0438\u043d \u041b\u0430\u0434\u0430\u044e\u043d\",\"image\":{\"@type\":\"ImageObject\",\"inLanguage\":\"en-US\",\"@id\":\"https:\/\/lovol.md\/#\/schema\/person\/image\/\",\"url\":\"https:\/\/secure.gravatar.com\/avatar\/ed12be53120f42b2f2a4fe1628a6ecf7b7efadde5dc61f9f6e9b1ad95e69579a?s=96&d=mm&r=g\",\"contentUrl\":\"https:\/\/secure.gravatar.com\/avatar\/ed12be53120f42b2f2a4fe1628a6ecf7b7efadde5dc61f9f6e9b1ad95e69579a?s=96&d=mm&r=g\",\"caption\":\"\u0412\u0430\u043b\u0435\u043d\u0442\u0438\u043d \u041b\u0430\u0434\u0430\u044e\u043d\"},\"url\":\"https:\/\/lovol.md\/?author=4\"}]}<\/script>\n<!-- \/ Yoast SEO plugin. -->","yoast_head_json":{"title":"Tractorul Lovol pentru vii-livezi a fost prezentat la Ziua Fructelor","description":"Asocia\u021bia Moldova Fruct a desf\u0103\u0219urat la 12 Iulie Ziua Fructelor \u00een gospod\u0103ria VelFruct-Prim l\u00eeng\u0103 satul Co\u0219erni\u021ba, raionul Criuleni.","robots":{"index":"index","follow":"follow","max-snippet":"max-snippet:-1","max-image-preview":"max-image-preview:large","max-video-preview":"max-video-preview:-1"},"canonical":"https:\/\/lovol.md\/?p=4163","og_locale":"en_US","og_type":"article","og_title":"Tractorul Lovol pentru vii-livezi a fost prezentat la Ziua Fructelor","og_description":"Asocia\u021bia Moldova Fruct a desf\u0103\u0219urat la 12 Iulie Ziua Fructelor \u00een gospod\u0103ria VelFruct-Prim l\u00eeng\u0103 satul Co\u0219erni\u021ba, raionul Criuleni.","og_url":"https:\/\/lovol.md\/?p=4163","og_site_name":"Lovol.md","article_published_time":"2024-07-23T12:51:05+00:00","og_image":[{"width":900,"height":600,"url":"https:\/\/lovol.md\/wp-content\/uploads\/2024\/07\/Ziua-fructelor-13.jpg","type":"image\/jpeg"}],"author":"\u0412\u0430\u043b\u0435\u043d\u0442\u0438\u043d \u041b\u0430\u0434\u0430\u044e\u043d","twitter_card":"summary_large_image","twitter_misc":{"Written by":"\u0412\u0430\u043b\u0435\u043d\u0442\u0438\u043d \u041b\u0430\u0434\u0430\u044e\u043d","Est. reading time":"1 minute"},"schema":{"@context":"https:\/\/schema.org","@graph":[{"@type":"WebPage","@id":"https:\/\/lovol.md\/?p=4163","url":"https:\/\/lovol.md\/?p=4163","name":"Tractorul Lovol pentru vii-livezi a fost prezentat la Ziua Fructelor","isPartOf":{"@id":"https:\/\/lovol.md\/#website"},"primaryImageOfPage":{"@id":"https:\/\/lovol.md\/?p=4163#primaryimage"},"image":{"@id":"https:\/\/lovol.md\/?p=4163#primaryimage"},"thumbnailUrl":"https:\/\/lovol.md\/wp-content\/uploads\/2024\/07\/Ziua-fructelor-13.jpg","datePublished":"2024-07-23T12:51:05+00:00","dateModified":"2024-07-23T12:51:05+00:00","author":{"@id":"https:\/\/lovol.md\/#\/schema\/person\/d09ac5c44228a2b32554929772f26a86"},"description":"Asocia\u021bia Moldova Fruct a desf\u0103\u0219urat la 12 Iulie Ziua Fructelor \u00een gospod\u0103ria VelFruct-Prim l\u00eeng\u0103 satul Co\u0219erni\u021ba, raionul Criuleni.","breadcrumb":{"@id":"https:\/\/lovol.md\/?p=4163#breadcrumb"},"inLanguage":"en-US","potentialAction":[{"@type":"ReadAction","target":["https:\/\/lovol.md\/?p=4163"]}]},{"@type":"ImageObject","inLanguage":"en-US","@id":"https:\/\/lovol.md\/?p=4163#primaryimage","url":"https:\/\/lovol.md\/wp-content\/uploads\/2024\/07\/Ziua-fructelor-13.jpg","contentUrl":"https:\/\/lovol.md\/wp-content\/uploads\/2024\/07\/Ziua-fructelor-13.jpg","width":900,"height":600},{"@type":"BreadcrumbList","@id":"https:\/\/lovol.md\/?p=4163#breadcrumb","itemListElement":[{"@type":"ListItem","position":1,"name":"Home","item":"https:\/\/lovol.md\/"},{"@type":"ListItem","position":2,"name":"Tractorul Lovol pentru vii-livezi a fost prezentat la Ziua Fructelor \u00een raionul Criuleni"}]},{"@type":"WebSite","@id":"https:\/\/lovol.md\/#website","url":"https:\/\/lovol.md\/","name":"Lovol.md","description":"","potentialAction":[{"@type":"SearchAction","target":{"@type":"EntryPoint","urlTemplate":"https:\/\/lovol.md\/?s={search_term_string}"},"query-input":"required name=search_term_string"}],"inLanguage":"en-US"},{"@type":"Person","@id":"https:\/\/lovol.md\/#\/schema\/person\/d09ac5c44228a2b32554929772f26a86","name":"\u0412\u0430\u043b\u0435\u043d\u0442\u0438\u043d \u041b\u0430\u0434\u0430\u044e\u043d","image":{"@type":"ImageObject","inLanguage":"en-US","@id":"https:\/\/lovol.md\/#\/schema\/person\/image\/","url":"https:\/\/secure.gravatar.com\/avatar\/ed12be53120f42b2f2a4fe1628a6ecf7b7efadde5dc61f9f6e9b1ad95e69579a?s=96&d=mm&r=g","contentUrl":"https:\/\/secure.gravatar.com\/avatar\/ed12be53120f42b2f2a4fe1628a6ecf7b7efadde5dc61f9f6e9b1ad95e69579a?s=96&d=mm&r=g","caption":"\u0412\u0430\u043b\u0435\u043d\u0442\u0438\u043d \u041b\u0430\u0434\u0430\u044e\u043d"},"url":"https:\/\/lovol.md\/?author=4"}]}},"lang":"ro","translations":{"ru":4175,"ro":4163},"pll_sync_post":[],"_links":{"self":[{"href":"https:\/\/lovol.md\/index.php?rest_route=\/wp\/v2\/posts\/4163","targetHints":{"allow":["GET"]}}],"collection":[{"href":"https:\/\/lovol.md\/index.php?rest_route=\/wp\/v2\/posts"}],"about":[{"href":"https:\/\/lovol.md\/index.php?rest_route=\/wp\/v2\/types\/post"}],"author":[{"embeddable":true,"href":"https:\/\/lovol.md\/index.php?rest_route=\/wp\/v2\/users\/4"}],"replies":[{"embeddable":true,"href":"https:\/\/lovol.md\/index.php?rest_route=%2Fwp%2Fv2%2Fcomments&post=4163"}],"version-history":[{"count":2,"href":"https:\/\/lovol.md\/index.php?rest_route=\/wp\/v2\/posts\/4163\/revisions"}],"predecessor-version":[{"id":4174,"href":"https:\/\/lovol.md\/index.php?rest_route=\/wp\/v2\/posts\/4163\/revisions\/4174"}],"wp:featuredmedia":[{"embeddable":true,"href":"https:\/\/lovol.md\/index.php?rest_route=\/wp\/v2\/media\/4168"}],"wp:attachment":[{"href":"https:\/\/lovol.md\/index.php?rest_route=%2Fwp%2Fv2%2Fmedia&parent=4163"}],"wp:term":[{"taxonomy":"category","embeddable":true,"href":"https:\/\/lovol.md\/index.php?rest_route=%2Fwp%2Fv2%2Fcategories&post=4163"},{"taxonomy":"post_tag","embeddable":true,"href":"https:\/\/lovol.md\/index.php?rest_route=%2Fwp%2Fv2%2Ftags&post=4163"}],"curies":[{"name":"wp","href":"https:\/\/api.w.org\/{rel}","templated":true}]}}